{"id":977,"date":"2025-03-08T12:30:07","date_gmt":"2025-03-08T11:30:07","guid":{"rendered":"https:\/\/wp-korten.de\/?p=977"},"modified":"2026-02-24T23:28:18","modified_gmt":"2026-02-24T22:28:18","slug":"kiinnog","status":"publish","type":"post","link":"https:\/\/wp-korten.de\/en\/kiinnog\/","title":{"rendered":"AI - innovation driver or danger for SMEs?"},"content":{"rendered":"\n<!-- divi:freeform -->[et_pb_section fb_built=&#8220;1&#8243; _builder_version=&#8220;4.27.4&#8243; _module_preset=&#8220;default&#8220; hover_enabled=&#8220;0&#8243; global_colors_info=&#8220;{}&#8220; sticky_enabled=&#8220;0&#8243;][et_pb_row _builder_version=&#8220;4.27.4&#8243; _module_preset=&#8220;default&#8220; custom_margin=&#8220;|0px|1px|0px|false|false&#8220; custom_padding=&#8220;10px||||false|false&#8220; hover_enabled=&#8220;0&#8243; global_colors_info=&#8220;{}&#8220; sticky_enabled=&#8220;0&#8243;][et_pb_column type=&#8220;4_4&#8243; _builder_version=&#8220;4.25.1&#8243; _module_preset=&#8220;default&#8220; global_colors_info=&#8220;{}&#8220;][et_pb_text admin_label=&#8220;Text&#8220; _builder_version=&#8220;4.27.4&#8243; text_font_size=&#8220;16px&#8220; background_size=&#8220;initial&#8220; background_position=&#8220;top_left&#8220; background_repeat=&#8220;repeat&#8220; hover_enabled=&#8220;0&#8243; locked=&#8220;off&#8220; global_colors_info=&#8220;{}&#8220; sticky_enabled=&#8220;0&#8243;]<p><strong>Der Fachkr\u00e4ftemangel<\/strong><\/p>\n<p>Eine der Herausforderungen f\u00fcr KMUs in Sachen Digitale Transformation: es fehlt ihnen an qualifizierten Datenexperten und KI-Spezialisten, um Automatisierungsprojekte umzusetzen.<\/p>\n<p>Unbesetzte Stellen verz\u00f6gern wichtige Projekte und bremsen Innovationen aus.<\/p>\n<p><!-- \/divi:freeform --><\/p>[\/et_pb_text][\/et_pb_column][\/et_pb_row][et_pb_row column_structure=&#8220;2_5,3_5&#8243; _builder_version=&#8220;4.27.4&#8243; _module_preset=&#8220;default&#8220; custom_padding=&#8220;10px||||false|false&#8220; hover_enabled=&#8220;0&#8243; global_colors_info=&#8220;{}&#8220; sticky_enabled=&#8220;0&#8243;][et_pb_column type=&#8220;2_5&#8243; _builder_version=&#8220;4.25.1&#8243; _module_preset=&#8220;default&#8220; global_colors_info=&#8220;{}&#8220;][et_pb_image src=&#8220;https:\/\/wp-korten.de\/wp-content\/uploads\/2025\/12\/KI-und-Innovation-in-KUM_500x700.jpg&#8220; alt=&#8220;Riesige Glocke h\u00e4ngt \u00fcber einem Schreibtisch. Darauf ein Schild %22Bitte l\u00e4uten%22&#8243; title_text=&#8220;KI und Innovation in KUM_500x700&#8243; src_tablet=&#8220;https:\/\/wp-korten.de\/wp-content\/uploads\/2025\/12\/KI-und-Innovation-in-KUM_500x700.jpg&#8220; src_phone=&#8220;https:\/\/wp-korten.de\/wp-content\/uploads\/2025\/12\/KI-und-Innovation-in-KUM_500x700.jpg&#8220; src_last_edited=&#8220;on|tablet&#8220; _builder_version=&#8220;4.27.4&#8243; _module_preset=&#8220;default&#8220; width=&#8220;85%&#8220; width_tablet=&#8220;40%&#8220; width_phone=&#8220;60%&#8220; width_last_edited=&#8220;on|phone&#8220; module_alignment=&#8220;center&#8220; custom_padding=&#8220;||0px|||&#8220; global_colors_info=&#8220;{}&#8220;][\/et_pb_image][\/et_pb_column][et_pb_column type=&#8220;3_5&#8243; _builder_version=&#8220;4.25.1&#8243; _module_preset=&#8220;default&#8220; global_colors_info=&#8220;{}&#8220;][et_pb_text admin_label=&#8220;Text&#8220; _builder_version=&#8220;4.27.4&#8243; text_font_size=&#8220;16px&#8220; background_size=&#8220;initial&#8220; background_position=&#8220;top_left&#8220; background_repeat=&#8220;repeat&#8220; locked=&#8220;off&#8220; global_colors_info=&#8220;{}&#8220;]<p><strong>Warum ist das so?<\/strong><\/p>\n<p>So manches KMU glaubt, dass es im Wettbewerb um Talente gegen gro\u00dfe Konzerne chancenlos ist. Hohe Geh\u00e4lter und starke Arbeitgebermarken scheinen unerreichbar.<\/p>\n<p>Die Folge? Frustration und die Sorge, dauerhaft auf teure externe Dienstleister angewiesen zu sein.<\/p>\n<p>Doch KMUs m\u00f6chten eigentlich das Gegenteil: Sie m\u00f6chten KI-Kompetenzen im eigenen Team aufbauen, um unabh\u00e4ngig Innovationen voranzutreiben und Kosten zu kontrollieren.<\/p>\n<p>Die Vision? Ein kleines, schlagkr\u00e4ftiges Inhouse-Team, das KI-L\u00f6sungen entwickelt und z\u00fcgig umsetzt.<\/p>\n<p><!-- \/divi:post-content --><\/p>[\/et_pb_text][\/et_pb_column][\/et_pb_row][et_pb_row _builder_version=&#8220;4.27.4&#8243; _module_preset=&#8220;default&#8220; custom_padding=&#8220;10px||||false|false&#8220; hover_enabled=&#8220;0&#8243; global_colors_info=&#8220;{}&#8220; sticky_enabled=&#8220;0&#8243;][et_pb_column type=&#8220;4_4&#8243; _builder_version=&#8220;4.25.1&#8243; _module_preset=&#8220;default&#8220; global_colors_info=&#8220;{}&#8220;][et_pb_text admin_label=&#8220;Text&#8220; _builder_version=&#8220;4.27.4&#8243; text_font_size=&#8220;16px&#8220; background_size=&#8220;initial&#8220; background_position=&#8220;top_left&#8220; background_repeat=&#8220;repeat&#8220; locked=&#8220;off&#8220; global_colors_info=&#8220;{}&#8220;]<p><strong>Ist diese Vision \u00fcberhaupt realisierbar?<\/strong><\/p>\n<p>Statt extern nach qualifizierten Fachkr\u00e4ften zu suchen, k\u00f6nnte in den eigenen Reihen nach (verborgenen?) Talenten Ausschau gehalten werden.<\/p>\n<p>Vielleicht ist das einer der Schl\u00fcssel zum Erfolg?!<\/p>\n<p><strong>Was KMUs machen k\u00f6nnen<\/strong><\/p>\n<p>Suchen und f\u00f6rdern Sie in Ihrem Team Mitarbeitende mit Affinit\u00e4t zu Daten und Technologie. Gezielte Schulungen helfen beim Aufbau digitaler F\u00e4higkeiten<\/p>\n<p><span style=\"font-size: 16px;\">Sorgen Sie f\u00fcr eine Innovationskultur &#8211; eine moderne, zukunftsorientierte Unternehmenskultur zieht Tech-Talente an. Kommunizieren Sie aktiv nach au\u00dfen, dass Innovation bei Ihnen gro\u00dfgeschrieben wird.<\/span><\/p>\n<p><span style=\"font-size: 16px;\">Etablieren und nutzen Sie Partnerschaften &#8211; die Zusammenarbeit mit Universit\u00e4ten und Startups er\u00f6ffnet den Zugang zu jungen Talenten und kreativen K\u00f6pfen.<\/span><\/p>\n<p><span style=\"font-size: 16px;\">Nutzen Sie im Zweifel erst einmal vorgefertigte KI-L\u00f6sungen ein statt das Rad neu erfinden zu wollen &#8211; sorgen Sie lediglich f\u00fcr eine Anpassung an die Realit\u00e4t in ihrem Unternehmen.<\/span><\/p>\n<p><span style=\"font-size: 16px;\">Akzeptieren Sie Fehler, so lange daraus gelernt wird.<\/span><\/p>\n<p><strong>Das Ergebnis<\/strong><\/p>\n<p>Mit diesen Ma\u00dfnahmen k\u00f6nnen KMUs nicht nur den Fachkr\u00e4ftemangel abfedern, sondern gleichzeitig wertvolle KI-Kompetenzen im eigenen Unternehmen aufbauen.<\/p>\n<p>Das st\u00e4rkt langfristig die Innovationsf\u00e4higkeit ihres Unternehmens.<\/p>\n<p><!-- \/divi:paragraph --><\/p>[\/et_pb_text][\/et_pb_column][\/et_pb_row][\/et_pb_section]<!-- \/divi:freeform -->\n","protected":false},"excerpt":{"rendered":"<p>Der Fachkr\u00e4ftemangel Eine der Herausforderungen f\u00fcr KMUs in Sachen Digitale Transformation: es fehlt ihnen an qualifizierten Datenexperten und KI-Spezialisten, um Automatisierungsprojekte umzusetzen. Unbesetzte Stellen verz\u00f6gern wichtige Projekte und bremsen Innovationen aus. Warum ist das so? So manches KMU glaubt, dass es im Wettbewerb um Talente gegen gro\u00dfe Konzerne chancenlos ist. Hohe Geh\u00e4lter und starke Arbeitgebermarken [&hellip;]<\/p>\n","protected":false},"author":2,"featured_media":0,"comment_status":"closed","ping_status":"closed","sticky":false,"template":"","format":"standard","meta":{"_et_pb_use_builder":"on","_et_pb_old_content":"","_et_gb_content_width":"","iawp_total_views":0,"footnotes":""},"categories":[7],"tags":[],"class_list":["post-977","post","type-post","status-publish","format-standard","hentry","category-digitalisierung"],"_links":{"self":[{"href":"https:\/\/wp-korten.de\/en\/wp-json\/wp\/v2\/posts\/977","targetHints":{"allow":["GET"]}}],"collection":[{"href":"https:\/\/wp-korten.de\/en\/wp-json\/wp\/v2\/posts"}],"about":[{"href":"https:\/\/wp-korten.de\/en\/wp-json\/wp\/v2\/types\/post"}],"author":[{"embeddable":true,"href":"https:\/\/wp-korten.de\/en\/wp-json\/wp\/v2\/users\/2"}],"replies":[{"embeddable":true,"href":"https:\/\/wp-korten.de\/en\/wp-json\/wp\/v2\/comments?post=977"}],"version-history":[{"count":1,"href":"https:\/\/wp-korten.de\/en\/wp-json\/wp\/v2\/posts\/977\/revisions"}],"predecessor-version":[{"id":1702,"href":"https:\/\/wp-korten.de\/en\/wp-json\/wp\/v2\/posts\/977\/revisions\/1702"}],"wp:attachment":[{"href":"https:\/\/wp-korten.de\/en\/wp-json\/wp\/v2\/media?parent=977"}],"wp:term":[{"taxonomy":"category","embeddable":true,"href":"https:\/\/wp-korten.de\/en\/wp-json\/wp\/v2\/categories?post=977"},{"taxonomy":"post_tag","embeddable":true,"href":"https:\/\/wp-korten.de\/en\/wp-json\/wp\/v2\/tags?post=977"}],"curies":[{"name":"wp","href":"https:\/\/api.w.org\/{rel}","templated":true}]}}